{"id":4071,"date":"2024-06-02T22:20:54","date_gmt":"2024-06-02T20:20:54","guid":{"rendered":"https:\/\/aubp.ch\/philo-aux-bains-2023-2\/"},"modified":"2025-04-29T13:10:41","modified_gmt":"2025-04-29T11:10:41","slug":"philo-aux-bains-2023-2","status":"publish","type":"post","link":"https:\/\/aubp.ch\/en\/philo-aux-bains-2023-2\/","title":{"rendered":"Philo aux Bains 2024"},"content":{"rendered":"<div class=\"fusion-fullwidth fullwidth-box fusion-builder-row-1 fusion-flex-container has-pattern-background has-mask-background nonhundred-percent-fullwidth non-hundred-percent-height-scrolling\" style=\"--awb-border-radius-top-left:0px;--awb-border-radius-top-right:0px;--awb-border-radius-bottom-right:0px;--awb-border-radius-bottom-left:0px;--awb-flex-wrap:wrap;\" ><div class=\"fusion-builder-row fusion-row fusion-flex-align-items-flex-start fusion-flex-content-wrap\" style=\"max-width:calc( 1280px + 35px );margin-left: calc(-35px \/ 2 );margin-right: calc(-35px \/ 2 );\"><div class=\"fusion-layout-column fusion_builder_column fusion-builder-column-0 fusion_builder_column_1_1 1_1 fusion-flex-column\" style=\"--awb-bg-size:cover;--awb-width-large:100%;--awb-margin-top-large:0px;--awb-spacing-right-large:17.5px;--awb-margin-bottom-large:20px;--awb-spacing-left-large:17.5px;--awb-width-medium:100%;--awb-order-medium:0;--awb-spacing-right-medium:17.5px;--awb-spacing-left-medium:17.5px;--awb-width-small:100%;--awb-order-small:0;--awb-spacing-right-small:17.5px;--awb-spacing-left-small:17.5px;\"><div class=\"fusion-column-wrapper fusion-column-has-shadow fusion-flex-justify-content-flex-start fusion-content-layout-column\"><div class=\"fusion-title title fusion-title-1 fusion-sep-none fusion-title-text fusion-title-size-one\" style=\"--awb-margin-top-small:10px;--awb-margin-right-small:0px;--awb-margin-bottom-small:10px;--awb-margin-left-small:0px;\"><h1 class=\"fusion-title-heading title-heading-left\" style=\"margin:0;text-transform:uppercase;\">Philo aux Bains 2024<\/h1><\/div><\/div><\/div><div class=\"fusion-layout-column fusion_builder_column fusion-builder-column-1 fusion_builder_column_1_2 1_2 fusion-flex-column\" style=\"--awb-padding-top:0px;--awb-padding-right:0px;--awb-padding-bottom:0px;--awb-padding-left:0px;--awb-overflow:hidden;--awb-bg-color:#ffffff;--awb-bg-color-hover:#ffffff;--awb-bg-size:cover;--awb-box-shadow:2px 2px 5px 2px rgba(0,0,0,0.06);;--awb-border-radius:5px 5px 5px 5px;--awb-width-large:50%;--awb-margin-top-large:0px;--awb-spacing-right-large:17.5px;--awb-margin-bottom-large:20px;--awb-spacing-left-large:17.5px;--awb-width-medium:50%;--awb-order-medium:0;--awb-spacing-right-medium:17.5px;--awb-spacing-left-medium:17.5px;--awb-width-small:100%;--awb-order-small:0;--awb-spacing-right-small:17.5px;--awb-spacing-left-small:17.5px;\"><div class=\"fusion-column-wrapper fusion-column-has-shadow fusion-flex-justify-content-center fusion-content-layout-column\"><div class=\"fusion-image-element \" style=\"--awb-caption-title-font-family:var(--h2_typography-font-family);--awb-caption-title-font-weight:var(--h2_typography-font-weight);--awb-caption-title-font-style:var(--h2_typography-font-style);--awb-caption-title-size:var(--h2_typography-font-size);--awb-caption-title-transform:var(--h2_typography-text-transform);--awb-caption-title-line-height:var(--h2_typography-line-height);--awb-caption-title-letter-spacing:var(--h2_typography-letter-spacing);\"><span class=\" fusion-imageframe imageframe-none imageframe-1 hover-type-none\"><img decoding=\"async\" width=\"1024\" height=\"773\" title=\"GABARIT-AVATAR_AUTEURS-FARAUS-topaz\" src=\"https:\/\/aubp.ch\/wp-content\/uploads\/2024\/06\/GABARIT-AVATAR_AUTEURS-FARAUS-topaz.jpg\" data-orig-src=\"https:\/\/aubp.ch\/wp-content\/uploads\/2024\/06\/GABARIT-AVATAR_AUTEURS-FARAUS-topaz-1024x773.jpg\" alt class=\"lazyload img-responsive wp-image-4094\" srcset=\"data:image\/svg+xml,%3Csvg%20xmlns%3D%27http%3A%2F%2Fwww.w3.org%2F2000%2Fsvg%27%20width%3D%271591%27%20height%3D%271200%27%20viewBox%3D%270%200%201591%201200%27%3E%3Crect%20width%3D%271591%27%20height%3D%271200%27%20fill-opacity%3D%220%22%2F%3E%3C%2Fsvg%3E\" data-srcset=\"https:\/\/aubp.ch\/wp-content\/uploads\/2024\/06\/GABARIT-AVATAR_AUTEURS-FARAUS-topaz-200x151.jpg 200w, https:\/\/aubp.ch\/wp-content\/uploads\/2024\/06\/GABARIT-AVATAR_AUTEURS-FARAUS-topaz-400x302.jpg 400w, https:\/\/aubp.ch\/wp-content\/uploads\/2024\/06\/GABARIT-AVATAR_AUTEURS-FARAUS-topaz-600x453.jpg 600w, https:\/\/aubp.ch\/wp-content\/uploads\/2024\/06\/GABARIT-AVATAR_AUTEURS-FARAUS-topaz-800x604.jpg 800w, https:\/\/aubp.ch\/wp-content\/uploads\/2024\/06\/GABARIT-AVATAR_AUTEURS-FARAUS-topaz-1200x905.jpg 1200w, https:\/\/aubp.ch\/wp-content\/uploads\/2024\/06\/GABARIT-AVATAR_AUTEURS-FARAUS-topaz.jpg 1591w\" data-sizes=\"auto\" data-orig-sizes=\"(max-width: 640px) 100vw, 800px\" \/><\/span><\/div><div class=\"fusion-text fusion-text-1 fusion-text-no-margin\" style=\"--awb-margin-top:30px;--awb-margin-right:30px;--awb-margin-bottom:30px;--awb-margin-left:30px;\"><h2 class=\"field field--name-field-title field--type-string field--label-hidden field__item\">Do ecosystems have rights? with Thibault Fara\u00fcs<\/h2>\n<div class=\"card-body\">\n<div class=\"clearfix text-formatted field field--name-field-ph-card-summary field--type-text-long field--label-hidden field__item\">\n<p><strong>Sunday, February 11 at 10:00 a.m. &#8211; <a href=\"https:\/\/www.youtube.com\/watch?v=1O29vLeHIR8&amp;list=PLZP2hkkZq2dlhMeG4qCOa5ghnGEG5xDFX&amp;index=15\" target=\"_blank\" rel=\"noopener\">Watch the online discussion<\/a><\/strong> Can a river become a legal person? Do ecosystems have the same rights as an individual or a company? And if so, how do you assert these rights? On what basis? And what impact would such a change have on our relationship with nature? Thibault Fara\u00fcs, author of <em>Les \u00e9cosyst\u00e8mes ont-ils des droits (Do ecosystems have rights? <\/em>) and winner of Science Po Lyon&#8217;s 2021 Dissertation Prize for his work, will help us answer these and other questions. The caf\u00e9-philo will take place at the Bains des P\u00e2quis on the jetty, under the yurt (free admission) and will be broadcast live on Facebook and YouTube.  <\/div>\n<\/div>\n<\/div><\/div><\/div><div class=\"fusion-layout-column fusion_builder_column fusion-builder-column-2 fusion_builder_column_1_2 1_2 fusion-flex-column\" style=\"--awb-padding-top:0px;--awb-padding-right:0px;--awb-padding-bottom:0px;--awb-padding-left:0px;--awb-overflow:hidden;--awb-bg-color:#ffffff;--awb-bg-color-hover:#ffffff;--awb-bg-size:cover;--awb-box-shadow:2px 2px 5px 2px rgba(0,0,0,0.06);;--awb-border-radius:5px 5px 5px 5px;--awb-width-large:50%;--awb-margin-top-large:0px;--awb-spacing-right-large:17.5px;--awb-margin-bottom-large:20px;--awb-spacing-left-large:17.5px;--awb-width-medium:50%;--awb-order-medium:0;--awb-spacing-right-medium:17.5px;--awb-spacing-left-medium:17.5px;--awb-width-small:100%;--awb-order-small:0;--awb-spacing-right-small:17.5px;--awb-spacing-left-small:17.5px;\"><div class=\"fusion-column-wrapper fusion-column-has-shadow fusion-flex-justify-content-center fusion-content-layout-column\"><div class=\"fusion-image-element \" style=\"--awb-caption-title-font-family:var(--h2_typography-font-family);--awb-caption-title-font-weight:var(--h2_typography-font-weight);--awb-caption-title-font-style:var(--h2_typography-font-style);--awb-caption-title-size:var(--h2_typography-font-size);--awb-caption-title-transform:var(--h2_typography-text-transform);--awb-caption-title-line-height:var(--h2_typography-line-height);--awb-caption-title-letter-spacing:var(--h2_typography-letter-spacing);\"><span class=\" fusion-imageframe imageframe-none imageframe-2 hover-type-none\"><img decoding=\"async\" width=\"1024\" height=\"703\" title=\"P27346826D4731950G-topaz\" src=\"data:image\/svg+xml,%3Csvg%20xmlns%3D%27http%3A%2F%2Fwww.w3.org%2F2000%2Fsvg%27%20width%3D%271748%27%20height%3D%271200%27%20viewBox%3D%270%200%201748%201200%27%3E%3Crect%20width%3D%271748%27%20height%3D%271200%27%20fill-opacity%3D%220%22%2F%3E%3C%2Fsvg%3E\" data-orig-src=\"https:\/\/aubp.ch\/wp-content\/uploads\/2024\/06\/P27346826D4731950G-topaz-scaled-e1717361947809-1024x703.jpg\" alt class=\"lazyload img-responsive wp-image-4096\"\/><\/span><\/div><div class=\"fusion-text fusion-text-2 fusion-text-no-margin\" style=\"--awb-margin-top:30px;--awb-margin-right:30px;--awb-margin-bottom:30px;--awb-margin-left:30px;\"><h2 class=\"field field--name-field-title field--type-string field--label-hidden field__item\">What if we only worked 3 hours a day? with Hadrien Klent<\/h2>\n<div class=\"card-body\">\n<div class=\"clearfix text-formatted field field--name-field-ph-card-summary field--type-text-long field--label-hidden field__item\">\n<p><strong>Saturday, March 16 at 2:00 p.m. &#8211; <a href=\"https:\/\/www.youtube.com\/watch?v=GlkglRSRX8U&amp;list=PLZP2hkkZq2dlhMeG4qCOa5ghnGEG5xDFX&amp;index=13\" target=\"_blank\" rel=\"noopener\">Watch the online discussion<\/a><\/strong> What if you only worked three hours a day? What would you do with the rest of your time? And to what extent would your relationship with others, with work and with nature potentially be turned upside down? How would the company be transformed? What if laziness became a cardinal virtue, far removed from stress and burnout? What if another world were possible? As part of the FIFDH, we&#8217;ll be discussing these and other issues with Hadrien Klent. Hadrien Klent is a French writer whose fiction reflects on the limits of the current political and social system. He is the author of <em>Paresse pour tous<\/em>, a utopia in which the right to laziness is declared, working hours are reduced and all societal problems are tackled from a new angle. &#8220;Laziness isn&#8217;t laziness, sluggishness or depression. It&#8217;s about building your own life, your own rhythm, your own relationship with time &#8211; no longer being subjected to it.&#8221; (Hadrien Klen) The caf\u00e9-philo will take place at the Bains des P\u00e2quis, on the pier, under the yurt, and will be broadcast live on Facebook and YouTube. Free admission.  <\/div>\n<\/div>\n<\/div><\/div><\/div><div class=\"fusion-layout-column fusion_builder_column fusion-builder-column-3 fusion_builder_column_1_2 1_2 fusion-flex-column\" style=\"--awb-padding-top:0px;--awb-padding-right:0px;--awb-padding-bottom:0px;--awb-padding-left:0px;--awb-overflow:hidden;--awb-bg-color:#ffffff;--awb-bg-color-hover:#ffffff;--awb-bg-size:cover;--awb-box-shadow:2px 2px 5px 2px rgba(0,0,0,0.06);;--awb-border-radius:5px 5px 5px 5px;--awb-width-large:50%;--awb-margin-top-large:0px;--awb-spacing-right-large:17.5px;--awb-margin-bottom-large:20px;--awb-spacing-left-large:17.5px;--awb-width-medium:50%;--awb-order-medium:0;--awb-spacing-right-medium:17.5px;--awb-spacing-left-medium:17.5px;--awb-width-small:100%;--awb-order-small:0;--awb-spacing-right-small:17.5px;--awb-spacing-left-small:17.5px;\"><div class=\"fusion-column-wrapper fusion-column-has-shadow fusion-flex-justify-content-center fusion-content-layout-column\"><div class=\"fusion-image-element \" style=\"--awb-caption-title-font-family:var(--h2_typography-font-family);--awb-caption-title-font-weight:var(--h2_typography-font-weight);--awb-caption-title-font-style:var(--h2_typography-font-style);--awb-caption-title-size:var(--h2_typography-font-size);--awb-caption-title-transform:var(--h2_typography-text-transform);--awb-caption-title-line-height:var(--h2_typography-line-height);--awb-caption-title-letter-spacing:var(--h2_typography-letter-spacing);\"><span class=\" fusion-imageframe imageframe-none imageframe-3 hover-type-none\"><img decoding=\"async\" width=\"1024\" height=\"768\" title=\"misselhorn_0\" src=\"https:\/\/aubp.ch\/wp-content\/uploads\/2024\/06\/misselhorn_0.jpg\" data-orig-src=\"https:\/\/aubp.ch\/wp-content\/uploads\/2024\/06\/misselhorn_0-1024x768.jpg\" alt class=\"lazyload img-responsive wp-image-4069\" srcset=\"data:image\/svg+xml,%3Csvg%20xmlns%3D%27http%3A%2F%2Fwww.w3.org%2F2000%2Fsvg%27%20width%3D%271441%27%20height%3D%271081%27%20viewBox%3D%270%200%201441%201081%27%3E%3Crect%20width%3D%271441%27%20height%3D%271081%27%20fill-opacity%3D%220%22%2F%3E%3C%2Fsvg%3E\" data-srcset=\"https:\/\/aubp.ch\/wp-content\/uploads\/2024\/06\/misselhorn_0-200x150.jpg 200w, https:\/\/aubp.ch\/wp-content\/uploads\/2024\/06\/misselhorn_0-400x300.jpg 400w, https:\/\/aubp.ch\/wp-content\/uploads\/2024\/06\/misselhorn_0-600x450.jpg 600w, https:\/\/aubp.ch\/wp-content\/uploads\/2024\/06\/misselhorn_0-800x600.jpg 800w, https:\/\/aubp.ch\/wp-content\/uploads\/2024\/06\/misselhorn_0-1200x900.jpg 1200w, https:\/\/aubp.ch\/wp-content\/uploads\/2024\/06\/misselhorn_0.jpg 1441w\" data-sizes=\"auto\" data-orig-sizes=\"(max-width: 640px) 100vw, 800px\" \/><\/span><\/div><div class=\"fusion-text fusion-text-3 fusion-text-no-margin\" style=\"--awb-margin-top:30px;--awb-margin-right:30px;--awb-margin-bottom:30px;--awb-margin-left:30px;\"><h2 class=\"field field--name-field-title field--type-string field--label-hidden field__item\">Artificial intelligence: the end of art? with Catrin Misselhorn<\/h2>\n<div class=\"card-body\">\n<div class=\"clearfix text-formatted field field--name-field-ph-card-summary field--type-text-long field--label-hidden field__item\">\n<p><strong>Sunday, March 17 at 10:00 a.m. &#8211; <a href=\"https:\/\/www.youtube.com\/watch?v=vroWnCJ0y84&amp;list=PLZP2hkkZq2dlhMeG4qCOa5ghnGEG5xDFX&amp;index=14\" target=\"_blank\" rel=\"noopener\">Watch the online discussion<\/a><\/strong> Artificial intelligence is now entering the field of art with a vengeance: apps paint images of different artistic styles and currents at the touch of a button, AI composes symphonies and chatbots write poems. What does this mean for art theory and practice? Do we need to redefine art? Who or what do we consider to be creators of art? How to distinguish the original from the counterfeit? Is art coming to an end, or are we opening a whole new chapter in the history of art? Catrin Misselhorn teaches philosophy at the Georg-August University in G\u00f6ttingen, Germany. From 2012 to 2019, she held the Chair of Theory of Science and Philosophy of Technology at the University of Stuttgart. For some years now, Catrin Misselhorn has been interested in the philosophy of artificial intelligence and robot ethics as fields of research, and has presented her first publications in this field, building a bridge between the philosophy of technology and her work on aesthetics. She drew an analogy between our affective reactions to humanoid robots (notably empathy) and those to fictional film characters, and used this approach as the basis for her analysis and explanation of &#8220;Uncanny Valley&#8221;. The caf\u00e9-philo will take place at the Bains des P\u00e2quis, on the pier under the yurt, and will be broadcast live on Facebook and recorded on YouTube. Free admission.  <\/div>\n<\/div>\n<\/div><\/div><\/div><div class=\"fusion-layout-column fusion_builder_column fusion-builder-column-4 fusion_builder_column_1_2 1_2 fusion-flex-column\" style=\"--awb-padding-top:0px;--awb-padding-right:0px;--awb-padding-bottom:0px;--awb-padding-left:0px;--awb-overflow:hidden;--awb-bg-color:#ffffff;--awb-bg-color-hover:#ffffff;--awb-bg-size:cover;--awb-box-shadow:2px 2px 5px 2px rgba(0,0,0,0.06);;--awb-border-radius:5px 5px 5px 5px;--awb-width-large:50%;--awb-margin-top-large:0px;--awb-spacing-right-large:17.5px;--awb-margin-bottom-large:20px;--awb-spacing-left-large:17.5px;--awb-width-medium:50%;--awb-order-medium:0;--awb-spacing-right-medium:17.5px;--awb-spacing-left-medium:17.5px;--awb-width-small:100%;--awb-order-small:0;--awb-spacing-right-small:17.5px;--awb-spacing-left-small:17.5px;\"><div class=\"fusion-column-wrapper fusion-column-has-shadow fusion-flex-justify-content-center fusion-content-layout-column\"><div class=\"fusion-image-element \" style=\"--awb-caption-title-font-family:var(--h2_typography-font-family);--awb-caption-title-font-weight:var(--h2_typography-font-weight);--awb-caption-title-font-style:var(--h2_typography-font-style);--awb-caption-title-size:var(--h2_typography-font-size);--awb-caption-title-transform:var(--h2_typography-text-transform);--awb-caption-title-line-height:var(--h2_typography-line-height);--awb-caption-title-letter-spacing:var(--h2_typography-letter-spacing);\"><span class=\" fusion-imageframe imageframe-none imageframe-4 hover-type-none\"><img decoding=\"async\" width=\"1024\" height=\"647\" title=\"fhc24_ecrits-de-griselidis-real_at_wikicommons-650&#215;650-topaz\" src=\"data:image\/svg+xml,%3Csvg%20xmlns%3D%27http%3A%2F%2Fwww.w3.org%2F2000%2Fsvg%27%20width%3D%271901%27%20height%3D%271200%27%20viewBox%3D%270%200%201901%201200%27%3E%3Crect%20width%3D%271901%27%20height%3D%271200%27%20fill-opacity%3D%220%22%2F%3E%3C%2Fsvg%3E\" data-orig-src=\"https:\/\/aubp.ch\/wp-content\/uploads\/2024\/06\/fhc24_ecrits-de-griselidis-real_at_wikicommons-650x650-topaz-e1717362000617-1024x647.jpg\" alt class=\"lazyload img-responsive wp-image-4098\"\/><\/span><\/div><div class=\"fusion-text fusion-text-4 fusion-text-no-margin\" style=\"--awb-margin-top:30px;--awb-margin-right:30px;--awb-margin-bottom:30px;--awb-margin-left:30px;\"><h2 class=\"field field--name-field-title field--type-string field--label-hidden field__item\">Prostitution and society around Gris\u00e9lidis R\u00e9al with Jehane Zouyene and Igor Schimek<\/h2>\n<div class=\"card-body\">\n<div class=\"clearfix text-formatted field field--name-field-ph-card-summary field--type-text-long field--label-hidden field__item\">\n<p><strong>Sunday, April 21 at 10:00 a.m. &#8211; <a href=\"https:\/\/www.youtube.com\/watch?v=QJs94okbqc8\" target=\"_blank\" rel=\"noopener\">Watch the online discussion<\/a><\/strong> A profession as old as time, or almost, prostitution continues to fuel the most heated debates on an activity often considered illicit and problematic. At the other end of the moral spectrum, Gris\u00e9lidis R\u00e9al, writer, painter and prostitute, saw prostitution as a revolutionary act to alleviate human misery. Through her many writings, she takes a different look at this unusual job in the heart of the streets. As part of the <a href=\"https:\/\/histoire-cite.ch\/\" target=\"_blank\" rel=\"noopener\">Festival Histoire et Cit\u00e9<\/a>, we are delighted to welcome Igor Schimek and Jehane Zouyene to Les Bains to discuss social issues linked to prostitution through the prism of Gris\u00e9lidis&#8217; writings. Together, we&#8217;ll reflect on the many questions raised by Gris\u00e9lidis in her day, questions that are more topical than ever. Jehane Zouyene<strong> <\/strong>is project manager at the Centre Gris\u00e9lidis R\u00e9al and scientific collaborator at the Swiss Institute for the Study of Art (SIK-ISEA). After studying art history at the University of Geneva, she obtained a doctorate from the University of Aberdeen (Scotland) for her research on the role of photographic narrative in France (2022). In 2015, she published <em>Gris\u00e9lidis R\u00e9al, peintre<\/em>, the first catalog raisonn\u00e9 of her plastic work (Humus, Lausanne) and then presented a monographic exhibition of her work at the Centre Culturel du Manoir de Cologny. A member of the Aspasie committee since 2019, she joins the association&#8217;s team in 2022 to enhance the militant archives of the Centre Gris\u00e9lidis R\u00e9al. The same year, the association published <em>Travailler, Lutter Diffuser : archives militantes du Centre Gris\u00e9lidis R\u00e9al de documentation internationale sur la prostitution<\/em> (Les Presses du R\u00e9el\/Aspasie, Dijon), which it co-edited with Marianne Schweizer and Balthazar Lovay, and for which it wrote the introduction. Igor Schimek is Gris\u00e9lidis R\u00e9al&#8217;s eldest son and a living memory of her work and struggles. The meeting will take place under the yurt, free entry, and will be broadcast live on Faebook Live.  <\/div>\n<\/div>\n<\/div><\/div><\/div><div class=\"fusion-layout-column fusion_builder_column fusion-builder-column-5 fusion_builder_column_1_2 1_2 fusion-flex-column\" style=\"--awb-padding-top:0px;--awb-padding-right:0px;--awb-padding-bottom:0px;--awb-padding-left:0px;--awb-overflow:hidden;--awb-bg-color:#ffffff;--awb-bg-color-hover:#ffffff;--awb-bg-size:cover;--awb-box-shadow:2px 2px 5px 2px rgba(0,0,0,0.06);;--awb-border-radius:5px 5px 5px 5px;--awb-width-large:50%;--awb-margin-top-large:0px;--awb-spacing-right-large:17.5px;--awb-margin-bottom-large:20px;--awb-spacing-left-large:17.5px;--awb-width-medium:50%;--awb-order-medium:0;--awb-spacing-right-medium:17.5px;--awb-spacing-left-medium:17.5px;--awb-width-small:100%;--awb-order-small:0;--awb-spacing-right-small:17.5px;--awb-spacing-left-small:17.5px;\"><div class=\"fusion-column-wrapper fusion-column-has-shadow fusion-flex-justify-content-center fusion-content-layout-column\"><div class=\"fusion-image-element \" style=\"--awb-caption-title-font-family:var(--h2_typography-font-family);--awb-caption-title-font-weight:var(--h2_typography-font-weight);--awb-caption-title-font-style:var(--h2_typography-font-style);--awb-caption-title-size:var(--h2_typography-font-size);--awb-caption-title-transform:var(--h2_typography-text-transform);--awb-caption-title-line-height:var(--h2_typography-line-height);--awb-caption-title-letter-spacing:var(--h2_typography-letter-spacing);\"><span class=\" fusion-imageframe imageframe-none imageframe-5 hover-type-none\"><img decoding=\"async\" width=\"1024\" height=\"703\" title=\"ea02deae6f3136393730333435363830363735-topaz\" src=\"data:image\/svg+xml,%3Csvg%20xmlns%3D%27http%3A%2F%2Fwww.w3.org%2F2000%2Fsvg%27%20width%3D%271748%27%20height%3D%271200%27%20viewBox%3D%270%200%201748%201200%27%3E%3Crect%20width%3D%271748%27%20height%3D%271200%27%20fill-opacity%3D%220%22%2F%3E%3C%2Fsvg%3E\" data-orig-src=\"https:\/\/aubp.ch\/wp-content\/uploads\/2024\/06\/ea02deae6f3136393730333435363830363735-topaz-e1717362059809-1024x703.jpg\" alt class=\"lazyload img-responsive wp-image-4100\"\/><\/span><\/div><div class=\"fusion-text fusion-text-5 fusion-text-no-margin\" style=\"--awb-margin-top:30px;--awb-margin-right:30px;--awb-margin-bottom:30px;--awb-margin-left:30px;\"><h2 class=\"field field--name-field-title field--type-string field--label-hidden field__item\">P\u00e9taouchnok(s), what elsewhere and the other can teach us<\/h2>\n<div class=\"card-body\">\n<div class=\"clearfix text-formatted field field--name-field-ph-card-summary field--type-text-long field--label-hidden field__item\">\n<p><strong>Sunday, May 5 at 10:00 am &#8211; <a href=\"https:\/\/www.youtube.com\/watch?v=C6LLK0ikHw4\" target=\"_blank\" rel=\"noopener\">Watch the online discussion<\/a><\/strong> Now that we&#8217;ve removed any notion of <em>Terra Incognita<\/em> from the maps of the Earth, having progressively explored every nook and cranny of our world, now that Google has mapped the four corners of a planet that appears to us more and more as finite and less and less as mysterious, can we still find an elsewhere (real or imaginary)? Is it possible to find heterotopias, those counter-spaces that are absolutely other? Are the colonization of space, the fictional creation of fantasy universes or the development of the metaverse the only solutions to this search for elsewhere? In his book, <em>P\u00e9taouchnok(s), du bout du monde au milieu de nulle part<\/em>, Ricardo Clavolella takes a look at the many P\u00e9taouchnoks, Timbuktu, Javas or Perp\u00e8te-Les-Oies around the world: places, sometimes imaginary and sometimes real, that seem to be at the other end of the world and in the middle of nowhere. As we set out to discover these other places, we end up learning a lot more about the people who imagine them. Riccardo Ciavolella has been a research fellow in anthropology at CNRS since 2011, and is a member and currently co-director (Directeur d&#8217;Unit\u00e9, DU) of the Laboratoire d&#8217;Anthropologie Politique at EHESS, where he has taught political anthropology since 2012. The caf\u00e9-philo will take place on the Bains pier, will be broadcast live on Facebook Live and will be available on YouTube.  <\/div>\n<\/div>\n<\/div><\/div><\/div><div class=\"fusion-layout-column fusion_builder_column fusion-builder-column-6 fusion_builder_column_1_2 1_2 fusion-flex-column\" style=\"--awb-padding-top:0px;--awb-padding-right:0px;--awb-padding-bottom:0px;--awb-padding-left:0px;--awb-overflow:hidden;--awb-bg-color:#ffffff;--awb-bg-color-hover:#ffffff;--awb-bg-size:cover;--awb-box-shadow:2px 2px 5px 2px rgba(0,0,0,0.06);;--awb-border-radius:5px 5px 5px 5px;--awb-width-large:50%;--awb-margin-top-large:0px;--awb-spacing-right-large:17.5px;--awb-margin-bottom-large:20px;--awb-spacing-left-large:17.5px;--awb-width-medium:50%;--awb-order-medium:0;--awb-spacing-right-medium:17.5px;--awb-spacing-left-medium:17.5px;--awb-width-small:100%;--awb-order-small:0;--awb-spacing-right-small:17.5px;--awb-spacing-left-small:17.5px;\"><div class=\"fusion-column-wrapper fusion-column-has-shadow fusion-flex-justify-content-center fusion-content-layout-column\"><div class=\"fusion-image-element \" style=\"--awb-caption-title-font-family:var(--h2_typography-font-family);--awb-caption-title-font-weight:var(--h2_typography-font-weight);--awb-caption-title-font-style:var(--h2_typography-font-style);--awb-caption-title-size:var(--h2_typography-font-size);--awb-caption-title-transform:var(--h2_typography-text-transform);--awb-caption-title-line-height:var(--h2_typography-line-height);--awb-caption-title-letter-spacing:var(--h2_typography-letter-spacing);\"><span class=\" fusion-imageframe imageframe-none imageframe-6 hover-type-none\"><img decoding=\"async\" width=\"1024\" height=\"681\" title=\"WEB_LF_MarionMullerColard\" src=\"https:\/\/aubp.ch\/wp-content\/uploads\/2024\/06\/WEB_LF_MarionMullerColard.jpg\" data-orig-src=\"https:\/\/aubp.ch\/wp-content\/uploads\/2024\/06\/WEB_LF_MarionMullerColard-1024x681.jpg\" alt class=\"lazyload img-responsive wp-image-4084\" srcset=\"data:image\/svg+xml,%3Csvg%20xmlns%3D%27http%3A%2F%2Fwww.w3.org%2F2000%2Fsvg%27%20width%3D%271366%27%20height%3D%27909%27%20viewBox%3D%270%200%201366%20909%27%3E%3Crect%20width%3D%271366%27%20height%3D%27909%27%20fill-opacity%3D%220%22%2F%3E%3C%2Fsvg%3E\" data-srcset=\"https:\/\/aubp.ch\/wp-content\/uploads\/2024\/06\/WEB_LF_MarionMullerColard-200x133.jpg 200w, https:\/\/aubp.ch\/wp-content\/uploads\/2024\/06\/WEB_LF_MarionMullerColard-400x266.jpg 400w, https:\/\/aubp.ch\/wp-content\/uploads\/2024\/06\/WEB_LF_MarionMullerColard-600x399.jpg 600w, https:\/\/aubp.ch\/wp-content\/uploads\/2024\/06\/WEB_LF_MarionMullerColard-800x532.jpg 800w, https:\/\/aubp.ch\/wp-content\/uploads\/2024\/06\/WEB_LF_MarionMullerColard-1200x799.jpg 1200w, https:\/\/aubp.ch\/wp-content\/uploads\/2024\/06\/WEB_LF_MarionMullerColard.jpg 1366w\" data-sizes=\"auto\" data-orig-sizes=\"(max-width: 640px) 100vw, 800px\" \/><\/span><\/div><div class=\"fusion-text fusion-text-6 fusion-text-no-margin\" style=\"--awb-margin-top:30px;--awb-margin-right:30px;--awb-margin-bottom:30px;--awb-margin-left:30px;\"><h2 class=\"field field--name-field-title field--type-string field--label-hidden field__item\">What does the promise change? with Carole Widmaier and Marion Muller-Colard<\/h2>\n<div class=\"card-body\">\n<div class=\"clearfix text-formatted field field--name-field-ph-card-summary field--type-text-long field--label-hidden field__item\">\n<p class=\"Standard\"><strong>Thursday, May 23 at 5:30 p.m.<\/strong><\/p>\n<p class=\"Standard\">Whether verbal or written, a promise is a present-day assurance of a future action or inaction. By mobilizing our consciences, our responsibility and our integrity, this act saddles a relationship of trust, or runs the risk of breaking it.<\/p>\n<p class=\"Standard\">&#8220;Our lives are made up of little promises,&#8221; writes the author of <em>La promesse qu&#8217;est-ce que \u00e7a change <\/em>, which we make to ourselves or to others. We&#8217;ve all experienced it, at least once, but why?<\/p>\n<p class=\"Standard\">To deepen our reflection, Carole Widmaier shows us, with the help of Nietzsche, Ren\u00e9 Char, the singer Barbara and real-life situations, what promising changes in our human lives. This limpid text, which combines great pedagogy with a beautiful sensitivity, is part of the approach proposed by the <strong>Qu&#8217;est-ce que \u00e7a change? <\/strong>collection, launched on the occasion of the publishing house&#8217;s centenary.<\/p>\n<p class=\"Standard\"><span lang=\"FR\" xml:lang=\"FR\">Because philosophy dies if it becomes a huis clos of experts, the collection is committed to clear, accessible and concrete thinking that brings about change for those who write and for those who read.  <\/span><\/p>\n<p>  For this edition of Philo aux Bains, we are delighted to welcome  <strong>Carole Widmaier<\/strong>philosopher and author of  <em>The Promise<\/em>  and  <strong>Marion Muller-Colard<\/strong>director of Labor et Fides and author. An opportunity to discuss the book&#8217;s theme, but also to question the approach of this collection and its impact on the way we write, analyze and read.  <\/div>\n<\/div>\n<\/div><\/div><\/div><div class=\"fusion-layout-column fusion_builder_column fusion-builder-column-7 fusion_builder_column_1_2 1_2 fusion-flex-column\" style=\"--awb-padding-top:0px;--awb-padding-right:0px;--awb-padding-bottom:0px;--awb-padding-left:0px;--awb-overflow:hidden;--awb-bg-color:#ffffff;--awb-bg-color-hover:#ffffff;--awb-bg-size:cover;--awb-box-shadow:2px 2px 5px 2px rgba(0,0,0,0.06);;--awb-border-radius:5px 5px 5px 5px;--awb-width-large:50%;--awb-margin-top-large:0px;--awb-spacing-right-large:17.5px;--awb-margin-bottom-large:20px;--awb-spacing-left-large:17.5px;--awb-width-medium:50%;--awb-order-medium:0;--awb-spacing-right-medium:17.5px;--awb-spacing-left-medium:17.5px;--awb-width-small:100%;--awb-order-small:0;--awb-spacing-right-small:17.5px;--awb-spacing-left-small:17.5px;\"><div class=\"fusion-column-wrapper fusion-column-has-shadow fusion-flex-justify-content-center fusion-content-layout-column\"><div class=\"fusion-image-element \" style=\"--awb-caption-title-font-family:var(--h2_typography-font-family);--awb-caption-title-font-weight:var(--h2_typography-font-weight);--awb-caption-title-font-style:var(--h2_typography-font-style);--awb-caption-title-size:var(--h2_typography-font-size);--awb-caption-title-transform:var(--h2_typography-text-transform);--awb-caption-title-line-height:var(--h2_typography-line-height);--awb-caption-title-letter-spacing:var(--h2_typography-letter-spacing);\"><span class=\" fusion-imageframe imageframe-none imageframe-7 hover-type-none\"><img decoding=\"async\" width=\"1024\" height=\"474\" title=\"xl_aurelien_barrau_web-1024&#215;474-4103114807-topaz\" src=\"https:\/\/aubp.ch\/wp-content\/uploads\/2024\/06\/xl_aurelien_barrau_web-1024x474-4103114807-topaz.jpg\" data-orig-src=\"https:\/\/aubp.ch\/wp-content\/uploads\/2024\/06\/xl_aurelien_barrau_web-1024x474-4103114807-topaz-1024x474.jpg\" alt class=\"lazyload img-responsive wp-image-4102\" srcset=\"data:image\/svg+xml,%3Csvg%20xmlns%3D%27http%3A%2F%2Fwww.w3.org%2F2000%2Fsvg%27%20width%3D%272048%27%20height%3D%27948%27%20viewBox%3D%270%200%202048%20948%27%3E%3Crect%20width%3D%272048%27%20height%3D%27948%27%20fill-opacity%3D%220%22%2F%3E%3C%2Fsvg%3E\" data-srcset=\"https:\/\/aubp.ch\/wp-content\/uploads\/2024\/06\/xl_aurelien_barrau_web-1024x474-4103114807-topaz-200x93.jpg 200w, https:\/\/aubp.ch\/wp-content\/uploads\/2024\/06\/xl_aurelien_barrau_web-1024x474-4103114807-topaz-400x185.jpg 400w, https:\/\/aubp.ch\/wp-content\/uploads\/2024\/06\/xl_aurelien_barrau_web-1024x474-4103114807-topaz-600x278.jpg 600w, https:\/\/aubp.ch\/wp-content\/uploads\/2024\/06\/xl_aurelien_barrau_web-1024x474-4103114807-topaz-800x370.jpg 800w, https:\/\/aubp.ch\/wp-content\/uploads\/2024\/06\/xl_aurelien_barrau_web-1024x474-4103114807-topaz-1200x555.jpg 1200w\" data-sizes=\"auto\" data-orig-sizes=\"(max-width: 640px) 100vw, 800px\" \/><\/span><\/div><div class=\"fusion-text fusion-text-7 fusion-text-no-margin\" style=\"--awb-margin-top:30px;--awb-margin-right:30px;--awb-margin-bottom:30px;--awb-margin-left:30px;\"><h2 class=\"field field--name-field-title field--type-string field--label-hidden field__item\">Poetry as a solution to the ecological crisis? with Aur\u00e9lien Barrau<\/h2>\n<div class=\"card-body\">\n<div class=\"clearfix text-formatted field field--name-field-ph-card-summary field--type-text-long field--label-hidden field__item\">\n<p><strong>Saturday June 15, 4:00 pm &#8211; <a href=\"https:\/\/www.youtube.com\/watch?v=VMfnV-AbxrI&amp;t=4s\" target=\"_blank\" rel=\"noopener\">Watch the online discussion<\/a><\/strong> Four years after his first visit, Aur\u00e9lien Barrau is back at the Bains to take stock of the current ecological situation. It will also be an opportunity to talk about his latest book, <em>L&#8217;Hypoth\u00e8se K, <\/em>which aims to &#8220;shake science out of its bad habits&#8221; of technology and engineering, and restore its moral value through poetry. Aur\u00e9lien Barrau is an astrophysicist. He teaches at Grenoble-Alpes University. He is director of the Grenoble Centre for Theoretical Physics and author of The <em>Greatest Challenge in the History of Mankind <\/em>. In recent years, he has been particularly involved in the ecological struggle. The caf\u00e9-philo will take place on the Bains pier, and will be broadcast live on Facebook and available for replay on YouTube.  <\/div>\n<\/div>\n<\/div><\/div><\/div><div class=\"fusion-layout-column fusion_builder_column fusion-builder-column-8 fusion_builder_column_1_2 1_2 fusion-flex-column\" style=\"--awb-padding-top:0px;--awb-padding-right:0px;--awb-padding-bottom:0px;--awb-padding-left:0px;--awb-overflow:hidden;--awb-bg-color:#ffffff;--awb-bg-color-hover:#ffffff;--awb-bg-size:cover;--awb-box-shadow:2px 2px 5px 2px rgba(0,0,0,0.06);;--awb-border-radius:5px 5px 5px 5px;--awb-width-large:50%;--awb-margin-top-large:0px;--awb-spacing-right-large:17.5px;--awb-margin-bottom-large:20px;--awb-spacing-left-large:17.5px;--awb-width-medium:50%;--awb-order-medium:0;--awb-spacing-right-medium:17.5px;--awb-spacing-left-medium:17.5px;--awb-width-small:100%;--awb-order-small:0;--awb-spacing-right-small:17.5px;--awb-spacing-left-small:17.5px;\"><div class=\"fusion-column-wrapper fusion-column-has-shadow fusion-flex-justify-content-center fusion-content-layout-column\"><div class=\"fusion-image-element \" style=\"--awb-caption-title-font-family:var(--h2_typography-font-family);--awb-caption-title-font-weight:var(--h2_typography-font-weight);--awb-caption-title-font-style:var(--h2_typography-font-style);--awb-caption-title-size:var(--h2_typography-font-size);--awb-caption-title-transform:var(--h2_typography-text-transform);--awb-caption-title-line-height:var(--h2_typography-line-height);--awb-caption-title-letter-spacing:var(--h2_typography-letter-spacing);\"><span class=\" fusion-imageframe imageframe-none imageframe-8 hover-type-none\"><img decoding=\"async\" width=\"702\" height=\"395\" title=\"Olivier_Abel_Credit_Marino-Carnevale-e1728502411179\" src=\"https:\/\/aubp.ch\/wp-content\/uploads\/2024\/06\/Olivier_Abel_Credit_Marino-Carnevale-e1728502411179.jpg\" data-orig-src=\"https:\/\/aubp.ch\/wp-content\/uploads\/2024\/06\/Olivier_Abel_Credit_Marino-Carnevale-e1728502411179.jpg\" alt class=\"lazyload img-responsive wp-image-6274\" srcset=\"data:image\/svg+xml,%3Csvg%20xmlns%3D%27http%3A%2F%2Fwww.w3.org%2F2000%2Fsvg%27%20width%3D%27702%27%20height%3D%27395%27%20viewBox%3D%270%200%20702%20395%27%3E%3Crect%20width%3D%27702%27%20height%3D%27395%27%20fill-opacity%3D%220%22%2F%3E%3C%2Fsvg%3E\" data-srcset=\"https:\/\/aubp.ch\/wp-content\/uploads\/2024\/06\/Olivier_Abel_Credit_Marino-Carnevale-e1728502411179-200x113.jpg 200w, https:\/\/aubp.ch\/wp-content\/uploads\/2024\/06\/Olivier_Abel_Credit_Marino-Carnevale-e1728502411179-400x225.jpg 400w, https:\/\/aubp.ch\/wp-content\/uploads\/2024\/06\/Olivier_Abel_Credit_Marino-Carnevale-e1728502411179-600x338.jpg 600w, https:\/\/aubp.ch\/wp-content\/uploads\/2024\/06\/Olivier_Abel_Credit_Marino-Carnevale-e1728502411179.jpg 702w\" data-sizes=\"auto\" data-orig-sizes=\"(max-width: 640px) 100vw, 702px\" \/><\/span><\/div><div class=\"fusion-text fusion-text-8 fusion-text-no-margin\" style=\"--awb-margin-top:30px;--awb-margin-right:30px;--awb-margin-bottom:30px;--awb-margin-left:30px;\"><div class=\"card-body\">\n<div class=\"clearfix text-formatted field field--name-field-ph-card-summary field--type-text-long field--label-hidden field__item\">\n<div class=\"fusion-text fusion-text-12 fusion-text-no-margin\">\n<div>\n<h2><strong>What difference does birth make?<\/strong><\/h2>\n<div><strong>Saturday, October 5 at 2:00 p.m.<\/strong><\/div>\n<div><\/div>\n<div>&#8220;We arrive in the midst of a conversation begun before us&#8221;, wrote Ricoeur, whose student and friend Olivier Abel was. Birth throws us both into history and into the vagaries of chance. The splendor of incarnation, which presents the newborn with the possibility of playing his or her own part, sometimes turns into the anguish of incarceration, of being trapped within oneself and doomed to death. But the desolation of our finitude finds consolation in the marvel of the plurality of existences and forms of life. Each of us is obliged to be born, and through our existence transforms raw chance into consented chance.    <\/div>\n<div><\/div>\n<\/div>\n<div>\n<div><span dir=\"auto\">By making birth the perpetually renewed root of democracy, Olivier Abel offers us a superb existential and political meditation in which every birth changes something, not only for oneself (obviously!) but also for the world.  <\/span><\/div>\n<\/div>\n<div><\/div>\n<div>In the company of Olivier Abel, professor of philosophy and ethics at the Protestant theology faculty in Montpellier, and author of &#8220;La Naissance, qu&#8217;est ce que \u00e7a change?&#8221;, we&#8217;ll be taking a closer look at the term, to understand the meanings, uses and imaginations that arise from it.<\/div>\n<div><\/div>\n<div>Following the approach of the <em>Qu&#8217;est ce que \u00e7a change?<\/em> collection, which invites us to reflect freely on a vast subject that concerns us all, the idea is to share the philosopher&#8217;s viewpoint and to explore together what this notion evokes.<\/div>\n<div><\/div>\n<div><span dir=\"auto\">In collaboration with Labor et Fides Philo aux Bains invites you to question a simple yet complex notion: birth.<\/span><\/div>\n<\/div>\n<\/div>\n<\/div>\n<\/div><\/div><\/div><div class=\"fusion-layout-column fusion_builder_column fusion-builder-column-9 fusion_builder_column_1_2 1_2 fusion-flex-column\" style=\"--awb-padding-top:0px;--awb-padding-right:0px;--awb-padding-bottom:0px;--awb-padding-left:0px;--awb-overflow:hidden;--awb-bg-color:#ffffff;--awb-bg-color-hover:#ffffff;--awb-bg-size:cover;--awb-box-shadow:2px 2px 5px 2px rgba(0,0,0,0.06);;--awb-border-radius:5px 5px 5px 5px;--awb-width-large:50%;--awb-margin-top-large:0px;--awb-spacing-right-large:17.5px;--awb-margin-bottom-large:20px;--awb-spacing-left-large:17.5px;--awb-width-medium:50%;--awb-order-medium:0;--awb-spacing-right-medium:17.5px;--awb-spacing-left-medium:17.5px;--awb-width-small:100%;--awb-order-small:0;--awb-spacing-right-small:17.5px;--awb-spacing-left-small:17.5px;\"><div class=\"fusion-column-wrapper fusion-column-has-shadow fusion-flex-justify-content-center fusion-content-layout-column\"><div class=\"fusion-image-element \" style=\"--awb-caption-title-font-family:var(--h2_typography-font-family);--awb-caption-title-font-weight:var(--h2_typography-font-weight);--awb-caption-title-font-style:var(--h2_typography-font-style);--awb-caption-title-size:var(--h2_typography-font-size);--awb-caption-title-transform:var(--h2_typography-text-transform);--awb-caption-title-line-height:var(--h2_typography-line-height);--awb-caption-title-letter-spacing:var(--h2_typography-letter-spacing);\"><span class=\" fusion-imageframe imageframe-none imageframe-9 hover-type-none\"><img decoding=\"async\" width=\"800\" height=\"1085\" title=\"Sans-titre-800&#215;1085\" src=\"https:\/\/aubp.ch\/wp-content\/uploads\/2024\/06\/Sans-titre-800x1085-1.jpg\" data-orig-src=\"https:\/\/aubp.ch\/wp-content\/uploads\/2024\/06\/Sans-titre-800x1085-1.jpg\" alt class=\"lazyload img-responsive wp-image-6276\" srcset=\"data:image\/svg+xml,%3Csvg%20xmlns%3D%27http%3A%2F%2Fwww.w3.org%2F2000%2Fsvg%27%20width%3D%27800%27%20height%3D%271085%27%20viewBox%3D%270%200%20800%201085%27%3E%3Crect%20width%3D%27800%27%20height%3D%271085%27%20fill-opacity%3D%220%22%2F%3E%3C%2Fsvg%3E\" data-srcset=\"https:\/\/aubp.ch\/wp-content\/uploads\/2024\/06\/Sans-titre-800x1085-1-200x271.jpg 200w, https:\/\/aubp.ch\/wp-content\/uploads\/2024\/06\/Sans-titre-800x1085-1-400x543.jpg 400w, https:\/\/aubp.ch\/wp-content\/uploads\/2024\/06\/Sans-titre-800x1085-1-600x814.jpg 600w, https:\/\/aubp.ch\/wp-content\/uploads\/2024\/06\/Sans-titre-800x1085-1.jpg 800w\" data-sizes=\"auto\" data-orig-sizes=\"(max-width: 640px) 100vw, 800px\" \/><\/span><\/div><div class=\"fusion-text fusion-text-9 fusion-text-no-margin\" style=\"--awb-margin-top:30px;--awb-margin-right:30px;--awb-margin-bottom:30px;--awb-margin-left:30px;\"><div class=\"card-body\">\n<div class=\"clearfix text-formatted field field--name-field-ph-card-summary field--type-text-long field--label-hidden field__item\">\n<div class=\"fusion-text fusion-text-12 fusion-text-no-margin\">\n<div class=\"fusion-text fusion-text-13 fusion-text-no-margin\">\n<div>\n<h2 class=\"tribe-events-single-event-title summary entry-title\">Humanitarianism: a surge of solidarity or a field of contradictions?<\/h2>\n<div><strong>Sunday, October 20, 2024 at 10:00 am &#8211; <a href=\"https:\/\/www.youtube.com\/watch?v=-ViV2y-vkHc&amp;t=3s\" target=\"_blank\" rel=\"noopener\">View the online discussion<\/a><br \/>\n<\/strong><\/div>\n<\/div>\n<div>\n<div class=\"tribe-events-single-event-description tribe-events-content entry-content description\">  Does humanitarian aid create more dependency than it solves problems? Are the motivations of humanitarian actors always as altruistic as we think? How can we prevent humanitarian aid from becoming a vehicle for neo-colonialism? Come and discuss this fascinating topic at our next caf\u00e9-philo with Tawfik Chamaa. Together, we&#8217;ll explore the deep-rooted motivations behind humanitarian commitment, as well as its paradoxes and sometimes unexpected consequences: dependence, new colonialism, good intentions that backfire&#8230; This caf\u00e9-philo is an invitation to reflect on the ethical stakes of international aid, through questions that concern us all. Come and share your ideas, thoughts and doubts in a convivial atmosphere open to dialogue. Dr. Chamaa is currently Director of the Service Medical Junction (multidisciplinary medical group) which he founded in 1997 and which serves a large number of people in the center of Geneva. In September 2011, following the Syrian uprising, he co-created the Geneva-based association Syrian Democrats (DS) to support Syrians in their demand for democracy and freedom. He is also a board member of UOSSM International, HRI and President of GLOCA (Global Organisation for Civil Society Advancement _ Shabab Pro project). The caf\u00e9-philo is organized as part of the <em>Cataracte <\/em>exhibition, and will take place under the yurt on the Bains pier.          Free admission.  <\/div>\n<\/div>\n<\/div>\n<\/div>\n<\/div>\n<\/div>\n<\/div><\/div><\/div><div class=\"fusion-layout-column fusion_builder_column fusion-builder-column-10 fusion_builder_column_1_2 1_2 fusion-flex-column\" style=\"--awb-padding-top:0px;--awb-padding-right:0px;--awb-padding-bottom:0px;--awb-padding-left:0px;--awb-overflow:hidden;--awb-bg-color:#ffffff;--awb-bg-color-hover:#ffffff;--awb-bg-size:cover;--awb-box-shadow:2px 2px 5px 2px rgba(0,0,0,0.06);;--awb-border-radius:5px 5px 5px 5px;--awb-width-large:50%;--awb-margin-top-large:0px;--awb-spacing-right-large:17.5px;--awb-margin-bottom-large:20px;--awb-spacing-left-large:17.5px;--awb-width-medium:50%;--awb-order-medium:0;--awb-spacing-right-medium:17.5px;--awb-spacing-left-medium:17.5px;--awb-width-small:100%;--awb-order-small:0;--awb-spacing-right-small:17.5px;--awb-spacing-left-small:17.5px;\"><div class=\"fusion-column-wrapper fusion-column-has-shadow fusion-flex-justify-content-center fusion-content-layout-column\"><div class=\"fusion-image-element \" style=\"--awb-caption-title-font-family:var(--h2_typography-font-family);--awb-caption-title-font-weight:var(--h2_typography-font-weight);--awb-caption-title-font-style:var(--h2_typography-font-style);--awb-caption-title-size:var(--h2_typography-font-size);--awb-caption-title-transform:var(--h2_typography-text-transform);--awb-caption-title-line-height:var(--h2_typography-line-height);--awb-caption-title-letter-spacing:var(--h2_typography-letter-spacing);\"><span class=\" fusion-imageframe imageframe-none imageframe-10 hover-type-none\"><img decoding=\"async\" width=\"751\" height=\"1200\" title=\"463195451_956457486524049_5807566082624504997_n\" src=\"data:image\/svg+xml,%3Csvg%20xmlns%3D%27http%3A%2F%2Fwww.w3.org%2F2000%2Fsvg%27%20width%3D%27751%27%20height%3D%271200%27%20viewBox%3D%270%200%20751%201200%27%3E%3Crect%20width%3D%27751%27%20height%3D%271200%27%20fill-opacity%3D%220%22%2F%3E%3C%2Fsvg%3E\" data-orig-src=\"https:\/\/aubp.ch\/wp-content\/uploads\/2024\/10\/463195451_956457486524049_5807566082624504997_n-e1729363081263.jpg\" alt class=\"lazyload img-responsive wp-image-5910\"\/><\/span><\/div><div class=\"fusion-text fusion-text-10 fusion-text-no-margin\" style=\"--awb-margin-top:30px;--awb-margin-right:30px;--awb-margin-bottom:30px;--awb-margin-left:30px;\"><div class=\"card-body\">\n<div class=\"clearfix text-formatted field field--name-field-ph-card-summary field--type-text-long field--label-hidden field__item\">\n<div class=\"fusion-text fusion-text-12 fusion-text-no-margin\">\n<div class=\"fusion-text fusion-text-13 fusion-text-no-margin\">\n<div class=\"fusion-text fusion-text-14 fusion-text-no-margin\">\n<div>\n<h2><strong>Caf\u00e9 Mortel  <\/strong><\/h2>\n<div><strong>Tuesday, November 5 at 2:00 p.m.<\/strong><\/div>\n<div><\/div>\n<\/div>\n<div>\n<div class=\"tribe-events-single-event-description tribe-events-content entry-content description\">\n<div class=\"xdj266r x11i5rnm xat24cr x1mh8g0r x1vvkbs\">Philo aux Bains invites you to join us in the Yurt on the pier for a Caf\u00e9 mortel, where you can share your experiences of death in a convivial atmosphere.<\/div>\n<div><\/div>\n<div class=\"x11i5rnm xat24cr x1mh8g0r x1vvkbs xtlvy1s\">The brainchild of Bernard Crettaz, sociologist, founder of the Soci\u00e9t\u00e9 d&#8217;\u00e9tudes thanatologiques and fervent Christian, who wanted people to &#8220;talk about death in the bistro&#8221;, these Caf\u00e9s were created to free up discussion about death and dislodge the strongest taboos.<\/div>\n<div class=\"x11i5rnm xat24cr x1mh8g0r x1vvkbs xtlvy1s\">Today, Rita Bonvin is one of the people who have taken up the torch with the association <a href=\"http:\/\/www.enviededirelamort.com\/\" target=\"_blank\" rel=\"noopener\"><em>Envie de dire la mort<\/em><\/a> and who is perpetuating these special exchange spaces, whose objective is: &#8220;living orality&#8221;, i.e. an exchange in the presence of others that invites encounters &#8211; &#8220;civic orality&#8221;, which concerns everyone &#8211; &#8220;non-specialized orality&#8221;, which recognizes experience, lived experience. In this sense, to encourage non-judgmental exchanges between full-fledged human beings, we ask you to express yourself without &#8220;professional posture (&#8230;) without theory (&#8230;) or therapy&#8221;. <\/div>\n<div class=\"x11i5rnm xat24cr x1mh8g0r x1vvkbs xtlvy1s\"><br class=\"html-br\">The anthropologist&#8217;s latest work will be available on site thanks to the collaboration of Labor et Fides, who have republished it and whom we thank for their participation.<\/div>\n<\/div>\n<\/div>\n<\/div>\n<\/div>\n<\/div>\n<\/div>\n<\/div>\n<\/div><\/div><\/div><div class=\"fusion-layout-column fusion_builder_column fusion-builder-column-11 fusion_builder_column_1_2 1_2 fusion-flex-column\" style=\"--awb-padding-top:0px;--awb-padding-right:0px;--awb-padding-bottom:0px;--awb-padding-left:0px;--awb-overflow:hidden;--awb-bg-color:#ffffff;--awb-bg-color-hover:#ffffff;--awb-bg-size:cover;--awb-box-shadow:2px 2px 5px 2px rgba(0,0,0,0.06);;--awb-border-radius:5px 5px 5px 5px;--awb-width-large:50%;--awb-margin-top-large:0px;--awb-spacing-right-large:17.5px;--awb-margin-bottom-large:20px;--awb-spacing-left-large:17.5px;--awb-width-medium:50%;--awb-order-medium:0;--awb-spacing-right-medium:17.5px;--awb-spacing-left-medium:17.5px;--awb-width-small:100%;--awb-order-small:0;--awb-spacing-right-small:17.5px;--awb-spacing-left-small:17.5px;\"><div class=\"fusion-column-wrapper fusion-column-has-shadow fusion-flex-justify-content-center fusion-content-layout-column\"><div class=\"fusion-image-element \" style=\"--awb-caption-title-font-family:var(--h2_typography-font-family);--awb-caption-title-font-weight:var(--h2_typography-font-weight);--awb-caption-title-font-style:var(--h2_typography-font-style);--awb-caption-title-size:var(--h2_typography-font-size);--awb-caption-title-transform:var(--h2_typography-text-transform);--awb-caption-title-line-height:var(--h2_typography-line-height);--awb-caption-title-letter-spacing:var(--h2_typography-letter-spacing);\"><span class=\" fusion-imageframe imageframe-none imageframe-11 hover-type-none\"><img decoding=\"async\" width=\"1200\" height=\"674\" title=\"MjAyMzA0MzUyOWUyN2Y2ZTBkOGVhNjYwM2Y5ZTQyOTMzNzExNzQ-1796636542\" src=\"https:\/\/aubp.ch\/wp-content\/uploads\/2024\/10\/MjAyMzA0MzUyOWUyN2Y2ZTBkOGVhNjYwM2Y5ZTQyOTMzNzExNzQ-1796636542.jpg\" data-orig-src=\"https:\/\/aubp.ch\/wp-content\/uploads\/2024\/10\/MjAyMzA0MzUyOWUyN2Y2ZTBkOGVhNjYwM2Y5ZTQyOTMzNzExNzQ-1796636542.jpg\" alt class=\"lazyload img-responsive wp-image-5959\" srcset=\"data:image\/svg+xml,%3Csvg%20xmlns%3D%27http%3A%2F%2Fwww.w3.org%2F2000%2Fsvg%27%20width%3D%271200%27%20height%3D%27674%27%20viewBox%3D%270%200%201200%20674%27%3E%3Crect%20width%3D%271200%27%20height%3D%27674%27%20fill-opacity%3D%220%22%2F%3E%3C%2Fsvg%3E\" data-srcset=\"https:\/\/aubp.ch\/wp-content\/uploads\/2024\/10\/MjAyMzA0MzUyOWUyN2Y2ZTBkOGVhNjYwM2Y5ZTQyOTMzNzExNzQ-1796636542-200x112.jpg 200w, https:\/\/aubp.ch\/wp-content\/uploads\/2024\/10\/MjAyMzA0MzUyOWUyN2Y2ZTBkOGVhNjYwM2Y5ZTQyOTMzNzExNzQ-1796636542-400x225.jpg 400w, https:\/\/aubp.ch\/wp-content\/uploads\/2024\/10\/MjAyMzA0MzUyOWUyN2Y2ZTBkOGVhNjYwM2Y5ZTQyOTMzNzExNzQ-1796636542-600x337.jpg 600w, https:\/\/aubp.ch\/wp-content\/uploads\/2024\/10\/MjAyMzA0MzUyOWUyN2Y2ZTBkOGVhNjYwM2Y5ZTQyOTMzNzExNzQ-1796636542-800x449.jpg 800w, https:\/\/aubp.ch\/wp-content\/uploads\/2024\/10\/MjAyMzA0MzUyOWUyN2Y2ZTBkOGVhNjYwM2Y5ZTQyOTMzNzExNzQ-1796636542.jpg 1200w\" data-sizes=\"auto\" data-orig-sizes=\"(max-width: 640px) 100vw, 800px\" \/><\/span><\/div><div class=\"fusion-text fusion-text-11 fusion-text-no-margin\" style=\"--awb-margin-top:30px;--awb-margin-right:30px;--awb-margin-bottom:30px;--awb-margin-left:30px;\"><div class=\"card-body\">\n<div class=\"clearfix text-formatted field field--name-field-ph-card-summary field--type-text-long field--label-hidden field__item\">\n<div class=\"fusion-text fusion-text-12 fusion-text-no-margin\">\n<div class=\"fusion-text fusion-text-13 fusion-text-no-margin\">\n<div class=\"fusion-text fusion-text-14 fusion-text-no-margin\">\n<div class=\"fusion-text fusion-text-15 fusion-text-no-margin\">\n<div>\n<h2><strong>What does the obsession with tanning reveal about our modern societies? with Margaux Cassan <\/strong><\/h2>\n<div><strong>Sunday, December 1 at 10:30 a.m. &#8211; <a href=\"https:\/\/www.youtube.com\/watch?v=-ViV2y-vkHc&amp;t=3s\" target=\"_blank\" rel=\"noopener\">View the online discussion<\/a><br \/>\n<\/strong><\/div>\n<\/div>\n<div>\n<div class=\"tribe-events-single-event-description tribe-events-content entry-content description\">\n<p data-pm-slice=\"1 1 &#091;&#093;\">We invite you to an exceptional caf\u00e9-philosophique around Margaux Cassan&#8217;s latest book, <em>Ultra Violet<\/em>. This book explores our complex and ambiguous relationship with the sun, blending personal narrative and philosophical reflection. What is a tan, if not a symbol of both vitality and fragility? Why has this obsession with &#8220;looking good&#8221; become a social marker, sometimes to the detriment of our health?   <\/p>\n<p><em>Ultra Violet<\/em> is an intimate journey that examines tanning as a &#8220;total social fact&#8221; &#8211; through the history, sociology, mythology and beliefs that surround our relationship with sunlight. Margaux Cassan tackles the dreams and illusions of a generation fascinated by the sun, right down to its most insidious risks. At this meeting, we&#8217;ll discuss how tanning has become a sign of social distinction, the tensions between the desire to look good and health, and what this says about our times. Margaux Cassan will talk about her writing, her questions, and her way of deconstructing a phenomenon so intimately linked to our lives.     <span class=\"x193iq5w xeuugli x13faqbe x1vvkbs x1xmvt09 x1lliihq x1s928wv xhkezso x1gmr53x x1cpjm7i x1fgarty x1943h6x xudqn12 x3x7a5m x6prxxf xvq8zen xo1l8bm xzsf02u\" dir=\"auto\">Margaux Cassan is a philosopher and writer. In 2021, she published a critical bibliography of Paul Ricoeur, <em>Le courage du compromis<\/em>. In 2023, she published <em>Vivre Nu<\/em>, a fascinating reflection on nudity and our relationship with the body.  <\/span>  The caf\u00e9-philo will take place in the yurt on the Bains pier. Free admission.  <\/div>\n<\/div>\n<\/div>\n<\/div>\n<\/div>\n<\/div>\n<\/div>\n<\/div>\n<\/div><\/div><\/div><\/div><\/div>\n","protected":false},"excerpt":{"rendered":"","protected":false},"author":4,"featured_media":2303,"comment_status":"open","ping_status":"open","sticky":false,"template":"","format":"standard","meta":{"footnotes":""},"categories":[35],"tags":[],"class_list":["post-4071","post","type-post","status-publish","format-standard","has-post-thumbnail","hentry","category-philo-aux-bains"],"_links":{"self":[{"href":"https:\/\/aubp.ch\/en\/wp-json\/wp\/v2\/posts\/4071","targetHints":{"allow":["GET"]}}],"collection":[{"href":"https:\/\/aubp.ch\/en\/wp-json\/wp\/v2\/posts"}],"about":[{"href":"https:\/\/aubp.ch\/en\/wp-json\/wp\/v2\/types\/post"}],"author":[{"embeddable":true,"href":"https:\/\/aubp.ch\/en\/wp-json\/wp\/v2\/users\/4"}],"replies":[{"embeddable":true,"href":"https:\/\/aubp.ch\/en\/wp-json\/wp\/v2\/comments?post=4071"}],"version-history":[{"count":11,"href":"https:\/\/aubp.ch\/en\/wp-json\/wp\/v2\/posts\/4071\/revisions"}],"predecessor-version":[{"id":6535,"href":"https:\/\/aubp.ch\/en\/wp-json\/wp\/v2\/posts\/4071\/revisions\/6535"}],"wp:featuredmedia":[{"embeddable":true,"href":"https:\/\/aubp.ch\/en\/wp-json\/wp\/v2\/media\/2303"}],"wp:attachment":[{"href":"https:\/\/aubp.ch\/en\/wp-json\/wp\/v2\/media?parent=4071"}],"wp:term":[{"taxonomy":"category","embeddable":true,"href":"https:\/\/aubp.ch\/en\/wp-json\/wp\/v2\/categories?post=4071"},{"taxonomy":"post_tag","embeddable":true,"href":"https:\/\/aubp.ch\/en\/wp-json\/wp\/v2\/tags?post=4071"}],"curies":[{"name":"wp","href":"https:\/\/api.w.org\/{rel}","templated":true}]}}